{"id":8469,"date":"2024-02-26T16:09:33","date_gmt":"2024-02-26T16:09:33","guid":{"rendered":"https:\/\/est.eu\/?p=8469"},"modified":"2024-03-31T18:14:33","modified_gmt":"2024-03-31T18:14:33","slug":"siec-dla-europy","status":"publish","type":"post","link":"https:\/\/est.eu\/pl\/siec-dla-europy\/","title":{"rendered":"est &#8211; sie\u0107 dla Europy"},"content":{"rendered":"<section  class='av_textblock_section av-lu1dl53l-9ac8d6200f41eb370032bebf9a0153a6 '   itemscope=\"itemscope\" itemtype=\"https:\/\/schema.org\/BlogPosting\" itemprop=\"blogPost\" ><div class='avia_textblock'  itemprop=\"text\" ><p><strong><em>est<\/em> &#8211; sie\u0107 dla Europy<\/strong><\/p>\n<p><strong>\u00a0<\/strong><\/p>\n<p>L\u2019<em>est<\/em> ouvrira ses portes dans les b\u00e2timents de l\u2019ancien lyc\u00e9e Joachimsthal (<em>Joachimsthalsches Gymnasium<\/em>), \u00e0 environ une heure et demie de Berlin.\u00a0<!--more--><\/p>\n<p>Oko\u0142o p\u00f3\u0142torej godziny od Berlina, w budynkach dawnego gimnazjum Joachimsthal ma powsta\u0107 <em>est<\/em>: szko\u0142a, kt\u00f3ra stawia na innowacje edukacyjne; szko\u0142a z internatem dla uczni\u00f3w z ca\u0142ej Europy od si\u00f3dmej klasy, w kt\u00f3rej idea europejska zajmuje centralne miejsce. Szko\u0142a <em>est<\/em> oferuje wszystkie mo\u017cliwe kwalifikacje do uko\u0144czenia szko\u0142y w kraju zwi\u0105zkowych Brandenburgia, a\u017c do dwuj\u0119zycznej matury. Tutaj m\u0142odzi ludzie z r\u00f3\u017cnych kraj\u00f3w naszego kontynentu do\u015bwiadczaj\u0105 \u201eEuropy w miniaturze\u201c, w kt\u00f3rej r\u00f3\u017cnice j\u0119zykowe i kulturowe nie odgrywaj\u0105 \u017cadnej roli. Ze wzgl\u0119du na swoje po\u0142o\u017cenie, szko\u0142a <em>est<\/em> jest predestynowana do stworzenia pomostu mi\u0119dzy Europ\u0105 Zachodni\u0105 i Wschodni\u0105. Otwieramy drzwi est dla wszystkich uczni\u00f3w poprzez programy stypendialne i czesne uzale\u017cnione od dochod\u00f3w.<\/p>\n<p>Absolwenci opuszcz\u0105 szko\u0142\u0119 jako dumni obywatele nowoczesnej Europy. Europejski duch b\u0119dzie charakteryzowa\u0142 ich przysz\u0142e my\u015bli i dzia\u0142ania. Szko\u0142a rozpocznie swoj\u0105 dzia\u0142alno\u015b\u0107 w roku szkolnym 2029\/30 z oko\u0142o 120 uczniami w trybie dziennym i z internatem. Po osi\u0105gni\u0119ciu pe\u0142nych mo\u017cliwo\u015bci funkcjonowania, w roku szkolnym 2033\/34 do szko\u0142y w Templinie ucz\u0119szcza\u0107 b\u0119dzie oko\u0142o 450 uczni\u00f3w z ca\u0142ej Europy.<\/p>\n<p>Utworzenie est mo\u017ce odnie\u015b\u0107 sukces tylko wtedy, gdy po\u0142\u0105czymy si\u0142y. Poczynili\u015bmy ju\u017c du\u017ce post\u0119py na tej drodze. Pod koniec 2020\u00a0r. zatwierdzono dofinansowanie w wysoko\u015bci 30 mln euro z funduszy federalnych na remont istniej\u0105cych budynk\u00f3w. Kraj zwi\u0105zkowy Brandenburgia dofinansowuje remont kwot\u0105 20 mln euro. Kolejne 15 mln euro zosta\u0142o ju\u017c zebrane prywatnie. Aby jednak wsp\u00f3lny projekt zako\u0144czy\u0142 si\u0119 sukcesem, poszukujemy dalszych darczy\u0144c\u00f3w, kt\u00f3rzy ceni\u0105 sobie edukacj\u0119, mi\u0119dzynarodowe porozumienie i ochron\u0119 zabytk\u00f3w. Do\u0142\u0105cz do nas i przeka\u017c darowizn\u0119 ju\u017c teraz!\u00a0<a href=\"https:\/\/est.eu\/pl\/darowizny\/\">Do\u0142\u0105cz do nas i przeka\u017c darowizn\u0119 ju\u017c teraz! \u00bb<\/a><\/p>\n<p>Poni\u017cej przedstawiamy najwa\u017cniejsze aspekty naszego projektu. Szczeg\u00f3\u0142owe informacje dost\u0119pne s\u0105 na naszej <a href=\"https:\/\/est.eu\/\">niemieckiej \u00bb<\/a> lub <a href=\"https:\/\/est.eu\/en\/\">angielskiej \u00bb<\/a> stronie internetowej.<\/p>\n<hr \/>\n<p>e\u00a0\u00a0oznacza Europ\u0119<\/p>\n<p>s\u00a0\u00a0 oznacza Szko\u0142\u0119<\/p>\n<p>t\u00a0 oznacza Templin<\/p>\n<\/div><\/section>\n","protected":false},"excerpt":{"rendered":"<p>est &#8211; sie\u0107 dla Europy \u00a0 L\u2019est ouvrira ses portes dans les b\u00e2timents de l\u2019ancien lyc\u00e9e Joachimsthal (Joachimsthalsches Gymnasium), \u00e0 environ une heure et demie de Berlin.\u00a0<\/p>\n","protected":false},"author":10,"featured_media":0,"comment_status":"closed","ping_status":"closed","sticky":false,"template":"","format":"aside","meta":{"footnotes":""},"categories":[57],"tags":[],"class_list":["post-8469","post","type-post","status-publish","format-aside","hentry","category-bez-kategorii","post_format-post-format-aside"],"_links":{"self":[{"href":"https:\/\/est.eu\/pl\/wp-json\/wp\/v2\/posts\/8469","targetHints":{"allow":["GET"]}}],"collection":[{"href":"https:\/\/est.eu\/pl\/wp-json\/wp\/v2\/posts"}],"about":[{"href":"https:\/\/est.eu\/pl\/wp-json\/wp\/v2\/types\/post"}],"author":[{"embeddable":true,"href":"https:\/\/est.eu\/pl\/wp-json\/wp\/v2\/users\/10"}],"replies":[{"embeddable":true,"href":"https:\/\/est.eu\/pl\/wp-json\/wp\/v2\/comments?post=8469"}],"version-history":[{"count":5,"href":"https:\/\/est.eu\/pl\/wp-json\/wp\/v2\/posts\/8469\/revisions"}],"predecessor-version":[{"id":9022,"href":"https:\/\/est.eu\/pl\/wp-json\/wp\/v2\/posts\/8469\/revisions\/9022"}],"wp:attachment":[{"href":"https:\/\/est.eu\/pl\/wp-json\/wp\/v2\/media?parent=8469"}],"wp:term":[{"taxonomy":"category","embeddable":true,"href":"https:\/\/est.eu\/pl\/wp-json\/wp\/v2\/categories?post=8469"},{"taxonomy":"post_tag","embeddable":true,"href":"https:\/\/est.eu\/pl\/wp-json\/wp\/v2\/tags?post=8469"}],"curies":[{"name":"wp","href":"https:\/\/api.w.org\/{rel}","templated":true}]}}