{"id":8420,"date":"2024-02-26T16:09:33","date_gmt":"2024-02-26T16:09:33","guid":{"rendered":"https:\/\/est.eu\/?p=8420"},"modified":"2024-02-26T16:09:33","modified_gmt":"2024-02-26T16:09:33","slug":"lest-un-reseau-pour-leurope","status":"publish","type":"post","link":"https:\/\/est.eu\/fr\/lest-un-reseau-pour-leurope\/","title":{"rendered":"L\u2019est : un r\u00e9seau pour l\u2019Europe"},"content":{"rendered":"<section  class='av_textblock_section av-lsvwxhj3-ff9930b3f43f3e462c077b400f5c61b2 '   itemscope=\"itemscope\" itemtype=\"https:\/\/schema.org\/BlogPosting\" itemprop=\"blogPost\" ><div class='avia_textblock'  itemprop=\"text\" ><p><strong>L\u2019<em>est<\/em>\u00a0: un r\u00e9seau pour l\u2019Europe<\/strong><\/p>\n<p>L\u2019<em>est<\/em> ouvrira ses portes dans les b\u00e2timents de l\u2019ancien lyc\u00e9e Joachimsthal (<em>Joachimsthalsches Gymnasium<\/em>), \u00e0 environ une heure et demie de Berlin.\u00a0<!--more--><\/p>\n<p>Cette \u00e9cole s\u2019est donn\u00e9e pour mission de proposer des parcours innovants en mati\u00e8re d\u2019\u00e9ducation o\u00f9 la dimension europ\u00e9enne sera au c\u0153ur des projets. Son internat pourra accueillir des \u00e9l\u00e8ves de toute l\u2019Europe \u00e0 partir de la classe de 5<sup>e<\/sup>. L\u2019<em>est<\/em> proposera tous les dipl\u00f4mes qui peuvent \u00eatre pr\u00e9par\u00e9s dans le Land du Brandebourg, notamment la d\u00e9livrance de baccalaur\u00e9ats binationaux. Les \u00e9l\u00e8ves provenant de diff\u00e9rents pays de notre continent suivront un enseignement leur proposant une immersion dans une \u00ab\u00a0Europe \u00e0 petite \u00e9chelle\u00a0\u00bb, dans laquelle les diff\u00e9rences linguistiques et culturelles ne sont pas un frein. En raison de sa situation g\u00e9ographique, l\u2019<em>est<\/em> a vocation \u00e0 jeter un pont entre l\u2019ouest et l\u2019est de l\u2019Europe. Gr\u00e2ce \u00e0 des programmes de bourses et \u00e0 la modulation des frais de scolarit\u00e9 en fonction des revenus, les portes de l\u2019<em>est<\/em> sont ouvertes \u00e0 tous les \u00e9l\u00e8ves.<\/p>\n<p>\u00c0 l\u2019issue de leur scolarit\u00e9, les \u00e9l\u00e8ves seront fiers d\u2019\u00eatre des citoyennes et citoyens d\u2019une Europe moderne, partageant une vision europ\u00e9enne qui guidera leur r\u00e9flexion et leurs actions futures. L\u2019\u00e9cole accueillera ses premiers \u00e9l\u00e8ves \u00e0 partir de l\u2019ann\u00e9e scolaire 2029\/30 avec un effectif d\u2019environ 120\u00a0externes et internes. Lorsque l\u2019<em>est <\/em>sera pleinement op\u00e9rationnelle, pr\u00e8s de 450\u00a0\u00e9l\u00e8ves venant de toute l\u2019Europe y seront scolaris\u00e9s \u00e0 partir de l\u2019ann\u00e9e scolaire 2033\/34.<\/p>\n<p>La cr\u00e9ation de l\u2019<em>est<\/em> ne peut se faire qu\u2019en unissant les forces. Nous avons d\u00e9j\u00e0 bien avanc\u00e9. Fin 2020, le gouvernement f\u00e9d\u00e9ral s\u2019est engag\u00e9 \u00e0 accorder des fonds \u00e0 hauteur de 30\u00a0millions d\u2019euros destin\u00e9s \u00e0 la r\u00e9novation des b\u00e2timents existants. Le Land de Brandebourg subventionne la r\u00e9novation \u00e0 hauteur de 20\u00a0millions d\u2019euros. Nous avons pu r\u00e9unir des contributions d\u2019une valeur de 15\u00a0millions d\u2019euros \u00e9manant de donatrices et donateurs priv\u00e9s. Afin de mener \u00e0 bien ce projet commun, nous continuons \u00e0 rechercher d\u2019autres personnes qui consid\u00e8rent que l\u2019\u00e9ducation et la compr\u00e9hension internationale ainsi que la pr\u00e9servation des monuments sont essentielles. <a href=\"https:\/\/est.eu\/fr\/faire-un-don\/\">Participez \u00e0 ce projet et faites un don maintenant\u00a0! \u00bb<\/a><\/p>\n<p>Vous trouverez ci-dessous les principaux volets de notre projet. Pour plus de d\u00e9tails <a href=\"https:\/\/est.eu\/\">en allemand \u00bb<\/a> ou <a href=\"https:\/\/est.eu\/en\/\">en anglais \u00bb<\/a>, nous vous invitons \u00e0 consulter notre site Internet.<\/p>\n<hr \/>\n<p>e\u00a0\u00a0 pour Europe<\/p>\n<p>s\u00a0\u00a0 pour Scolarit\u00e9<\/p>\n<p>t \u00a0\u00a0pour Templin<\/p>\n<\/div><\/section>\n","protected":false},"excerpt":{"rendered":"<p>L\u2019est\u00a0: un r\u00e9seau pour l\u2019Europe L\u2019est ouvrira ses portes dans les b\u00e2timents de l\u2019ancien lyc\u00e9e Joachimsthal (Joachimsthalsches Gymnasium), \u00e0 environ une heure et demie de Berlin.\u00a0<\/p>\n","protected":false},"author":10,"featured_media":0,"comment_status":"closed","ping_status":"closed","sticky":false,"template":"","format":"aside","meta":{"footnotes":""},"categories":[56],"tags":[],"class_list":["post-8420","post","type-post","status-publish","format-aside","hentry","category-non-classifiee","post_format-post-format-aside"],"_links":{"self":[{"href":"https:\/\/est.eu\/fr\/wp-json\/wp\/v2\/posts\/8420","targetHints":{"allow":["GET"]}}],"collection":[{"href":"https:\/\/est.eu\/fr\/wp-json\/wp\/v2\/posts"}],"about":[{"href":"https:\/\/est.eu\/fr\/wp-json\/wp\/v2\/types\/post"}],"author":[{"embeddable":true,"href":"https:\/\/est.eu\/fr\/wp-json\/wp\/v2\/users\/10"}],"replies":[{"embeddable":true,"href":"https:\/\/est.eu\/fr\/wp-json\/wp\/v2\/comments?post=8420"}],"version-history":[{"count":6,"href":"https:\/\/est.eu\/fr\/wp-json\/wp\/v2\/posts\/8420\/revisions"}],"predecessor-version":[{"id":8833,"href":"https:\/\/est.eu\/fr\/wp-json\/wp\/v2\/posts\/8420\/revisions\/8833"}],"wp:attachment":[{"href":"https:\/\/est.eu\/fr\/wp-json\/wp\/v2\/media?parent=8420"}],"wp:term":[{"taxonomy":"category","embeddable":true,"href":"https:\/\/est.eu\/fr\/wp-json\/wp\/v2\/categories?post=8420"},{"taxonomy":"post_tag","embeddable":true,"href":"https:\/\/est.eu\/fr\/wp-json\/wp\/v2\/tags?post=8420"}],"curies":[{"name":"wp","href":"https:\/\/api.w.org\/{rel}","templated":true}]}}